[{"@context":"https:\/\/schema.org\/","@type":"Article","@id":"https:\/\/www.manafas.cz\/akutni-zachvat-paniky\/#Article","mainEntityOfPage":"https:\/\/www.manafas.cz\/akutni-zachvat-paniky\/","headline":"Akutn\u00ed z\u00e1chvat paniky","name":"Akutn\u00ed z\u00e1chvat paniky","description":"\u017de se v\u00e1s panick\u00e1 porucha nikdy nebude t\u00fdkat? To bychom v\u00e1m moc p\u0159\u00e1li, bohu\u017eel realita \u010dasto b\u00fdv\u00e1 jin\u00e1. Touto nemoc\u00ed trp\u00ed \u010d\u00edm d\u00e1l v\u00edce lid\u00ed, a tak se toto t\u00e9ma dost\u00e1v\u00e1 do pop\u0159ed\u00ed obecn\u00e9ho z\u00e1jmu. Poj\u010fme si pov\u011bd\u011bt, co to panick\u00e1 porucha vlastn\u011b je, kde posti\u017een\u00ed lid\u00e9 k t\u00e9to nemoci p\u0159ijdou, jak\u00e9 jsou p\u0159\u00edznaky, a zda se d\u00e1 panick\u00e1 porucha [&hellip;]","datePublished":"2020-09-03","dateModified":"2023-05-01","author":{"@type":"Person","@id":"https:\/\/www.manafas.cz\/author\/#Person","name":"","url":"https:\/\/www.manafas.cz\/author\/","identifier":1,"image":{"@type":"ImageObject","@id":"https:\/\/secure.gravatar.com\/avatar\/046c8368865b87ac6ea06cde0e0a80b91304a43fe31de210702ad59bbd9a1974?s=96&d=mm&r=g","url":"https:\/\/secure.gravatar.com\/avatar\/046c8368865b87ac6ea06cde0e0a80b91304a43fe31de210702ad59bbd9a1974?s=96&d=mm&r=g","height":96,"width":96}},"publisher":{"@type":"Organization","name":"manafas.cz","logo":{"@type":"ImageObject","@id":"\/logo.png","url":"\/logo.png","width":600,"height":60}},"image":{"@type":"ImageObject","@id":"https:\/\/www.manafas.cz\/wp-content\/uploads\/img_a291717_w2375_t1504125117.jpg","url":"https:\/\/www.manafas.cz\/wp-content\/uploads\/img_a291717_w2375_t1504125117.jpg","height":0,"width":0},"url":"https:\/\/www.manafas.cz\/akutni-zachvat-paniky\/","wordCount":404,"articleBody":"\u017de se v\u00e1s panick\u00e1 porucha nikdy nebude t\u00fdkat? To bychom v\u00e1m moc p\u0159\u00e1li, bohu\u017eel realita \u010dasto b\u00fdv\u00e1 jin\u00e1. Touto nemoc\u00ed trp\u00ed \u010d\u00edm d\u00e1l v\u00edce lid\u00ed, a tak se toto t\u00e9ma dost\u00e1v\u00e1 do pop\u0159ed\u00ed obecn\u00e9ho z\u00e1jmu. Poj\u010fme si pov\u011bd\u011bt, co to panick\u00e1 porucha vlastn\u011b je, kde posti\u017een\u00ed lid\u00e9 k t\u00e9to nemoci p\u0159ijdou, jak\u00e9 jsou p\u0159\u00edznaky, a zda se d\u00e1 panick\u00e1 porucha v\u016fbec l\u00e9\u010dit. \u00b7 CO TO JE PANICK\u00c1 PORUCHA? Panick\u00e1 porucha je du\u0161evn\u00ed nemoc, kter\u00e1 se projevuje opakovan\u00fdmi z\u00e1chvaty intenzivn\u00edho strachu. Tento strach \u010dasto vznik\u00e1 bez zjevn\u00e9 p\u0159\u00ed\u010diny. \u017deny touto poruchou trp\u00ed \u010dast\u011bji ne\u017e mu\u017ei. P\u0159esto\u017ee se m\u016f\u017ee zd\u00e1t, \u017ee je tato nemoc ban\u00e1ln\u00ed, mnohdy m\u016f\u017ee nemocn\u00e9ho dov\u00e9st a\u017e k sebevra\u017ed\u011b. \u00b7 PANICK\u00c9 Z\u00c1CHVATY Z\u00e1chvat je n\u011bkdy velmi podobn\u00fd infarktu, tak moc je dan\u00fd strach siln\u00fd, tak\u017ee posti\u017een\u00fd m\u016f\u017ee skon\u010dit v p\u00e9\u010di l\u00e9ka\u0159\u016f. Bohu\u017eel pacient mnohdy neum\u00ed sv\u00e9 pocity popsat, psychick\u00e9 probl\u00e9my se m\u016f\u017eou ukr\u00fdvat, a p\u0159\u00ed\u010diny z\u00e1chvat\u016f tak z\u016fst\u00e1vaj\u00ed utajeny. Panick\u00e9 z\u00e1chvaty trvaj\u00ed sice jen p\u00e1r minut, ale posti\u017een\u00e9ho mohou zdeptat a psychicky zni\u010dit. Z\u00e1chvaty se postupn\u011b zintenziv\u0148uj\u00ed, nakonec se mohou vyskytovat i n\u011bkolikr\u00e1t b\u011bhem t\u00fddne. \u00b7 KDE SE BEROU? Panick\u00e1 porucha m\u016f\u017ee b\u00fdt nau\u010den\u00e1 z d\u011btstv\u00ed, \u010di je geneticky podm\u00edn\u011bn\u00e1, anebo je spojena s n\u00e1sledkem dlouhodob\u00e9ho stresu. N\u00e1\u0161 mozek vyhodnocuje ka\u017edodenn\u00ed stres jako velmi nebezpe\u010dn\u00fd, a vyhl\u00e1s\u00ed jak\u00fdsi poplach, kter\u00fd vy\u0161le na\u0161e t\u011blo do f\u00e1ze panick\u00e9ho z\u00e1chvatu. \u00b7 PROJEVY PANICK\u00c9HO STRACHU Panick\u00e9 z\u00e1chvaty se projevuj\u00ed intenzivn\u00edm strachem a vnit\u0159n\u00ed nepohodou, kterou nav\u00edc doprov\u00e1z\u00ed siln\u00e9 pocen\u00ed, bolesti na hrudi, nevolnost, to\u010den\u00ed hlavy, bu\u0161en\u00ed srdce a t\u0159es t\u011bla. \u00b7 LZE TO L\u00c9\u010cIT? Tato porucha jde snadno l\u00e9\u010dit, pokud je l\u00e9ka\u0159em zav\u010dasu odhalena. Pacient\u016fm je zavedena psychoterapie, kterou dopl\u0148uj\u00ed antidepresiva. K odezn\u011bn\u00ed p\u0159\u00edznak\u016f by pak m\u011blo doj\u00edt b\u011bhem dvan\u00e1cti t\u00fddn\u016f. L\u00e9ky se v\u0161ak u\u017e\u00edvaj\u00ed je\u0161t\u011b asi rok, a to z d\u016fvodu vylou\u010den\u00ed opakovanosti z\u00e1chvat\u016f.                                                                                                                                                                                                                                                                                                                                                                                        4.3\/5 - (7 votes)        "},{"@context":"https:\/\/schema.org\/","@type":"BreadcrumbList","itemListElement":[{"@type":"ListItem","position":1,"name":"Akutn\u00ed z\u00e1chvat paniky","item":"https:\/\/www.manafas.cz\/akutni-zachvat-paniky\/#breadcrumbitem"}]}]