[{"@context":"https:\/\/schema.org\/","@type":"Article","@id":"https:\/\/www.manafas.cz\/barcelona\/#Article","mainEntityOfPage":"https:\/\/www.manafas.cz\/barcelona\/","headline":"Barcelona","name":"Barcelona","description":"Prvn\u00ed kroky v\u0161ech n\u00e1v\u0161t\u011bvn\u00edk\u016f Barcelony vedou na La Ramblu. Ru\u0161nou\u00a0obchodn\u00ed t\u0159\u00eddu, tepnu, vedouc\u00ed st\u0159edem m\u011bsta. Spojuje velk\u00e9 n\u00e1m\u011bst\u00ed Placa de Catalunya s p\u0159\u00edstavem. Ve kter\u00e9m stoj\u00ed mas\u00edvn\u00ed pomn\u00edk Kry\u0161tofa Kolumba. Celou La Ramblu lemuj\u00ed spousty zaj\u00edmav\u00fdch pam\u00e1tek. Kter\u00e9 stoj\u00ed za prohl\u00eddku. Na jej\u00ed trase si p\u0159ijdou na sv\u00e9 hlavn\u011b milovn\u00edci ru\u0161n\u00e9ho \u017eivota. Od nakupov\u00e1n\u00ed v mal\u00fdch obch\u016fdc\u00edch s levn\u00fdmi suven\u00fdry [&hellip;]","datePublished":"2021-11-20","dateModified":"2023-05-01","author":{"@type":"Person","@id":"https:\/\/www.manafas.cz\/author\/#Person","name":"","url":"https:\/\/www.manafas.cz\/author\/","identifier":1,"image":{"@type":"ImageObject","@id":"https:\/\/secure.gravatar.com\/avatar\/046c8368865b87ac6ea06cde0e0a80b91304a43fe31de210702ad59bbd9a1974?s=96&d=mm&r=g","url":"https:\/\/secure.gravatar.com\/avatar\/046c8368865b87ac6ea06cde0e0a80b91304a43fe31de210702ad59bbd9a1974?s=96&d=mm&r=g","height":96,"width":96}},"publisher":{"@type":"Organization","name":"manafas.cz","logo":{"@type":"ImageObject","@id":"\/logo.png","url":"\/logo.png","width":600,"height":60}},"image":{"@type":"ImageObject","@id":"https:\/\/www.manafas.cz\/wp-content\/uploads\/luxusn%C3%AD%20v%C3%ADno_1.jpg","url":"https:\/\/www.manafas.cz\/wp-content\/uploads\/luxusn%C3%AD%20v%C3%ADno_1.jpg","height":0,"width":0},"url":"https:\/\/www.manafas.cz\/barcelona\/","about":["Dovolen\u00e1"],"wordCount":459,"articleBody":"Prvn\u00ed kroky v\u0161ech n\u00e1v\u0161t\u011bvn\u00edk\u016f Barcelony vedou na La Ramblu. Ru\u0161nou\u00a0obchodn\u00ed t\u0159\u00eddu, tepnu, vedouc\u00ed st\u0159edem m\u011bsta. Spojuje velk\u00e9 n\u00e1m\u011bst\u00ed Placa de Catalunya s p\u0159\u00edstavem. Ve kter\u00e9m stoj\u00ed mas\u00edvn\u00ed pomn\u00edk Kry\u0161tofa Kolumba. Celou La Ramblu lemuj\u00ed spousty zaj\u00edmav\u00fdch pam\u00e1tek. Kter\u00e9 stoj\u00ed za prohl\u00eddku. Na jej\u00ed trase si p\u0159ijdou na sv\u00e9 hlavn\u011b milovn\u00edci ru\u0161n\u00e9ho \u017eivota. Od nakupov\u00e1n\u00ed v mal\u00fdch obch\u016fdc\u00edch s levn\u00fdmi suven\u00fdry po ty, kter\u00e9 nab\u00edzej\u00ed\u00a0luxusn\u00ed oble\u010den\u00ed. Vyhled\u00e1v\u00e1ny a nav\u0161t\u011bvov\u00e1ny jsou v\u0161emi labu\u017en\u00edky skv\u011bl\u00e9 m\u00edstn\u00ed restaurace, kav\u00e1rny a kav\u00e1rni\u010dky. Ve kter\u00fdch pulzuje hlavn\u011b\u00a0no\u010dn\u00ed \u017eivot. St\u0159edem La Rambly vede\u00a0 \u0161irok\u00fd p\u00e1s vzrostl\u00fdch platan\u016f. Pod kter\u00fdmi je mo\u017enost posed\u011bt na lavi\u010dce a nas\u00e1t v\u016fni m\u011bsta. Anebo se nechat zachytit m\u00edstn\u00edmi um\u011blci na mal\u00ed\u0159sk\u00e9 pl\u00e1tno.Druh\u00fdm zastaven\u00edm, kter\u00e9 byste nem\u011bli minout, je p\u0159ekr\u00e1sn\u00e1 katedr\u00e1la La Sagrada Fam\u00edlia. Vrcholn\u00e9 d\u00edlo geni\u00e1ln\u00edho architekta Antoni Gaud\u00edho. V sou\u010dasn\u00e9 dob\u011b je nejnav\u0161t\u011bvovan\u011bj\u0161\u00ed pam\u00e1tkou ve \u0160pan\u011blsku. A \u0159ad\u00ed se mezi skvosty kulturn\u00edho d\u011bdictv\u00ed UNESCO. Chr\u00e1m Sm\u00ed\u0159en\u00ed zasv\u011bcen\u00fd Svat\u00e9 rodin\u011b &#8211; tak v p\u0159ekladu zn\u00ed ofici\u00e1ln\u00ed n\u00e1zev t\u00e9to pam\u00e1tky, kterou\u00a0jej\u00ed autor navrhl a realizoval jako poctu k\u0159es\u0165anstv\u00ed. Ty\u010d\u00ed se do v\u00fd\u0161e 170 m a stala se nep\u0159ehl\u00e9dnutelnou dominantou Barcelony. Jej\u00ed stavba zapo\u010dala p\u0159ed v\u00edce ne\u017e 100 lety.A dodnes je\u0161t\u011b nen\u00ed dokon\u010dena. Proto\u017ee si jej\u00ed tv\u016frce p\u0159\u00e1l, aby na jej\u00ed stavbu byly pou\u017eity jenom ve\u0159ejn\u00e9 pen\u00edze a dary od n\u00e1v\u0161t\u011bvn\u00edk\u016f. Po n\u011bkolika \u010dasov\u00fdch posunech je jej\u00ed dokon\u010den\u00ed pl\u00e1nov\u00e1no na rok 2026. Pokud si chcete La Sagradu Fam\u00edlii prohl\u00e9dnout i zevnit\u0159, vyu\u017eijte ke koupi vstupenky ofici\u00e1ln\u00ed web katedr\u00e1ly. U\u0161et\u0159\u00edte si \u010das i nervy. Mezi dal\u0161\u00ed m\u00edsta, kter\u00e1 stoj\u00ed za n\u00e1v\u0161t\u011bvu, je Olympijsk\u00fd stadion. Kde se konaly v roce 1992 Olympijsk\u00e9 hry. Tehdy je\u0161t\u011b \u010deskoslovensk\u00e1 v\u00fdprava si tenkr\u00e1t p\u0159ivezla \u010dty\u0159i zlat\u00e9 medaile. Hned vedle stadionu bylo zbudov\u00e1no muzeum, ve kter\u00e9m je mo\u017en\u00e9 si prohl\u00e9dnout nejen expon\u00e1ty z t\u00e9to olympi\u00e1dy. Ale i takov\u00e9, kter\u00e9 pat\u0159\u00ed k n\u00e1rodn\u00edm sport\u016fm. Nezapome\u0148te se rovn\u011b\u017e zastavit do b\u00fdval\u00e9 vojensk\u00e9 pevnosti, kter\u00e1 v bl\u00edzkosti stadionu nab\u00edz\u00ed n\u00e1dhern\u00fd v\u00fdhled na mo\u0159e.                                                                                                                                                                                                                                                                                                                                                                                        3.4\/5 - (7 votes)        "},{"@context":"https:\/\/schema.org\/","@type":"BreadcrumbList","itemListElement":[{"@type":"ListItem","position":1,"name":"Barcelona","item":"https:\/\/www.manafas.cz\/barcelona\/#breadcrumbitem"}]}]