[{"@context":"https:\/\/schema.org\/","@type":"Article","@id":"https:\/\/www.manafas.cz\/i-na-detailech-zalezi\/#Article","mainEntityOfPage":"https:\/\/www.manafas.cz\/i-na-detailech-zalezi\/","headline":"I na detailech z\u00e1le\u017e\u00ed","name":"I na detailech z\u00e1le\u017e\u00ed","description":"V\u00fdzdoba dom\u00e1cnosti, d\u016fle\u017eit\u00e1, p\u0159esto \u010dasto podce\u0148ovan\u00e1 z\u00e1le\u017eitost, kter\u00e1 v\u00e1m m\u016f\u017ee pomoci c\u00edtit se v\u00edce pohodln\u011bji a p\u0159\u00edjemn\u011bji ve vlastn\u00edm domov\u011b a z\u00e1rove\u0148 v\u00e1m m\u016f\u017ee pomoc ud\u011blat na n\u011bkoho dobr\u00fd dojem. V\u011bt\u0161ina lid\u00ed se ale zam\u011b\u0159\u00ed jenom na v\u011bt\u0161\u00ed v\u011bci, jako je nap\u0159\u00edklad n\u00e1bytek, ale u\u017e je nenapadne stylizovat i men\u0161\u00ed dopl\u0148ky, jako jsou nap\u0159\u00edklad z\u00e1suvky, vyp\u00edna\u010de, nebo t\u0159eba n\u00e1st\u011bnn\u00e9 poli\u010dky. [&hellip;]","datePublished":"2018-06-22","dateModified":"2023-05-01","author":{"@type":"Person","@id":"https:\/\/www.manafas.cz\/author\/#Person","name":"","url":"https:\/\/www.manafas.cz\/author\/","identifier":1,"image":{"@type":"ImageObject","@id":"https:\/\/secure.gravatar.com\/avatar\/046c8368865b87ac6ea06cde0e0a80b91304a43fe31de210702ad59bbd9a1974?s=96&d=mm&r=g","url":"https:\/\/secure.gravatar.com\/avatar\/046c8368865b87ac6ea06cde0e0a80b91304a43fe31de210702ad59bbd9a1974?s=96&d=mm&r=g","height":96,"width":96}},"publisher":{"@type":"Organization","name":"manafas.cz","logo":{"@type":"ImageObject","@id":"\/logo.png","url":"\/logo.png","width":600,"height":60}},"image":{"@type":"ImageObject","@id":"https:\/\/www.manafas.cz\/wp-content\/uploads\/img_a321024_w2248_t1532206014.jpg","url":"https:\/\/www.manafas.cz\/wp-content\/uploads\/img_a321024_w2248_t1532206014.jpg","height":0,"width":0},"url":"https:\/\/www.manafas.cz\/i-na-detailech-zalezi\/","wordCount":417,"articleBody":"V\u00fdzdoba dom\u00e1cnosti, d\u016fle\u017eit\u00e1, p\u0159esto \u010dasto podce\u0148ovan\u00e1 z\u00e1le\u017eitost, kter\u00e1 v\u00e1m m\u016f\u017ee pomoci c\u00edtit se v\u00edce pohodln\u011bji a p\u0159\u00edjemn\u011bji ve vlastn\u00edm domov\u011b a z\u00e1rove\u0148 v\u00e1m m\u016f\u017ee pomoc ud\u011blat na n\u011bkoho dobr\u00fd dojem. V\u011bt\u0161ina lid\u00ed se ale zam\u011b\u0159\u00ed jenom na v\u011bt\u0161\u00ed v\u011bci, jako je nap\u0159\u00edklad n\u00e1bytek, ale u\u017e je nenapadne stylizovat i men\u0161\u00ed dopl\u0148ky, jako jsou nap\u0159\u00edklad z\u00e1suvky, vyp\u00edna\u010de, nebo t\u0159eba n\u00e1st\u011bnn\u00e9 poli\u010dky.Jedno po druh\u00e9mPokud se chcete vrhnout do \u00fapravy va\u0161eho domova, nebo dokonce do kompletn\u00ed rekonstrukce a nev\u00edte, jak si pot\u00e9 vybavit interi\u00e9r, d\u016fle\u017eit\u00e9 je si jako prvn\u00ed uv\u011bdomit, jak byste cht\u011bli, aby to u v\u00e1s vypadalo. Jestli chcete novodob\u00e9 prost\u0159ed\u00ed, nebo sp\u00ed\u0161e se star\u0161\u00edmi prvky, do jak\u00e9 barvy chcete m\u00edt vylad\u011bn\u00e9 pokoje a v\u0161echny ostatn\u00ed hlavn\u00ed prvky. Ide\u00e1ln\u00ed je u\u017e skoro fin\u00e1ln\u00ed p\u0159edstavu o tom, jak by v\u00e1\u0161 domov m\u011bl vypadat je\u0161t\u011b p\u0159ed samotn\u00fdm za\u010d\u00e1tkem rekonstrukce, proto\u017ee pak v\u00e1s u\u017e nem\u016f\u017ee skoro nic zasko\u010dit.V\u00fdb\u011brPokud u\u017e m\u00e1te spr\u00e1vnou barvu st\u011bn, podlahu, jak m\u00e1 b\u00fdt, p\u0159ijde na \u0159adu n\u00e1bytek. Mus\u00edte si zvolit takov\u00fd, aby v\u00e1m barevn\u011b a stylem ladil v ka\u017ed\u00e9 m\u00edstnosti. Nemus\u00ed b\u00fdt nutn\u011b stejn\u00e9 v\u00fdroby nebo zna\u010dky, ale aby nebyl zase moc kontrastn\u00ed. Samoz\u0159ejm\u011b tak\u00e9 nesm\u00edme opomenout elektrospot\u0159ebi\u010de, televize poli\u010dky, aj.D\u00e1le se mus\u00edte ji\u017e zam\u011b\u0159it na detaily, jako co d\u00e1t na poli\u010dky, na stoly, v\u00fdb\u011br zrcadla, spr\u00e1vn\u00e9 lampy, jak\u00e9 v\u0161edn\u00ed v\u011bci, kter\u00e9 chcete m\u00edt po ruce a kter\u00e9 schovan\u00e9 ve sk\u0159\u00ed\u0148k\u00e1ch apod. Na toto se ned\u00e1 d\u00e1t n\u00e1vod, jak vyb\u00edrat. Mus\u00edte se \u0159\u00eddit sv\u00fdm vnit\u0159n\u00edm j\u00e1 a vybrat, co se v\u00e1m l\u00edb\u00ed.Nakonec p\u0159ich\u00e1z\u00ed na \u0159adu drobnosti, kter\u00e9 se m\u016f\u017ee zd\u00e1t, \u017ee nen\u00ed pot\u0159eba tolik \u0159e\u0161it, ale je to mali\u010dkost, kter\u00e1 v\u00e1m va\u0161e bydlen\u00ed m\u016f\u017ee je\u0161t\u011b v\u00edce zp\u0159\u00edjemnit. Jedn\u00e1 se na p\u0159\u00edklad o z\u00e1suvky a vyp\u00edna\u010de (pokud m\u00e1te z\u00e1jem o pomoc s v\u00fdb\u011brem vyp\u00edna\u010d\u016f .                                                                                                                                                                                                                                                                                                                                                                                        3.7\/5 - (4 votes)        "},{"@context":"https:\/\/schema.org\/","@type":"BreadcrumbList","itemListElement":[{"@type":"ListItem","position":1,"name":"I na detailech z\u00e1le\u017e\u00ed","item":"https:\/\/www.manafas.cz\/i-na-detailech-zalezi\/#breadcrumbitem"}]}]