[{"@context":"https:\/\/schema.org\/","@type":"Article","@id":"https:\/\/www.manafas.cz\/jak-velke-je-riziko-zneuziti-kamer-na-verejnych-prostranstvich\/#Article","mainEntityOfPage":"https:\/\/www.manafas.cz\/jak-velke-je-riziko-zneuziti-kamer-na-verejnych-prostranstvich\/","headline":"Jak velk\u00e9 je riziko zneu\u017eit\u00ed kamer na ve\u0159ejn\u00fdch prostranstv\u00edch","name":"Jak velk\u00e9 je riziko zneu\u017eit\u00ed kamer na ve\u0159ejn\u00fdch prostranstv\u00edch","description":"Kamerov\u00e9 syst\u00e9my p\u0159ipojen\u00e9 p\u0159es internetovou s\u00ed\u0165 jsou v sou\u010dasn\u00e9 dob\u011b dvouse\u010dnou zbran\u00ed. Maj\u00ed toti\u017e sv\u00e9 p\u0159\u00edznivce, ale tak\u00e9 velk\u00e9 mno\u017estv\u00ed odp\u016frc\u016f. Vyu\u017e\u00edvat kamery pro zv\u00fd\u0161en\u00ed bezpe\u010dnosti na ve\u0159ejn\u00fdch prostranstv\u00edch a v interi\u00e9rech budov je skute\u010dn\u011b o\u0161idn\u00e9 a pochopiteln\u011b zneu\u017eiteln\u00e9. N\u011bkte\u0159\u00ed citliv\u00ed lid\u00e9 nav\u00edc varuj\u00ed p\u0159ed \u201ebig brother\u201c \u2013 velk\u00fdm bratrem, jeho\u017e fluidum cel\u00fd sv\u011bt pomalu, ale jist\u011b zahaluje do \u010dehosi [&hellip;]","datePublished":"2025-03-05","dateModified":"2023-05-01","author":{"@type":"Person","@id":"https:\/\/www.manafas.cz\/author\/#Person","name":"","url":"https:\/\/www.manafas.cz\/author\/","identifier":1,"image":{"@type":"ImageObject","@id":"https:\/\/secure.gravatar.com\/avatar\/046c8368865b87ac6ea06cde0e0a80b91304a43fe31de210702ad59bbd9a1974?s=96&d=mm&r=g","url":"https:\/\/secure.gravatar.com\/avatar\/046c8368865b87ac6ea06cde0e0a80b91304a43fe31de210702ad59bbd9a1974?s=96&d=mm&r=g","height":96,"width":96}},"publisher":{"@type":"Organization","name":"manafas.cz","logo":{"@type":"ImageObject","@id":"\/logo.png","url":"\/logo.png","width":600,"height":60}},"image":{"@type":"ImageObject","@id":"https:\/\/www.manafas.cz\/wp-content\/uploads\/img_a312996_w2581_t1523656235.jpg","url":"https:\/\/www.manafas.cz\/wp-content\/uploads\/img_a312996_w2581_t1523656235.jpg","height":0,"width":0},"url":"https:\/\/www.manafas.cz\/jak-velke-je-riziko-zneuziti-kamer-na-verejnych-prostranstvich\/","wordCount":396,"articleBody":" Kamerov\u00e9 syst\u00e9my p\u0159ipojen\u00e9 p\u0159es internetovou s\u00ed\u0165 jsou v sou\u010dasn\u00e9 dob\u011b dvouse\u010dnou zbran\u00ed. Maj\u00ed toti\u017e sv\u00e9 p\u0159\u00edznivce, ale tak\u00e9 velk\u00e9 mno\u017estv\u00ed odp\u016frc\u016f. Vyu\u017e\u00edvat kamery pro zv\u00fd\u0161en\u00ed bezpe\u010dnosti na ve\u0159ejn\u00fdch prostranstv\u00edch a v interi\u00e9rech budov je skute\u010dn\u011b o\u0161idn\u00e9 a pochopiteln\u011b zneu\u017eiteln\u00e9. N\u011bkte\u0159\u00ed citliv\u00ed lid\u00e9 nav\u00edc varuj\u00ed p\u0159ed \u201ebig brother\u201c \u2013 velk\u00fdm bratrem, jeho\u017e fluidum cel\u00fd sv\u011bt pomalu, ale jist\u011b zahaluje do \u010dehosi nep\u0159\u00edjemn\u00e9ho, co se vymyk\u00e1 lidsk\u00e9 kontrole. Datab\u00e1ze eviduj\u00edc\u00ed miliony tv\u00e1\u0159\u00ed Ve Spojen\u00fdch st\u00e1tech je rozezn\u00e1v\u00e1n\u00ed lidsk\u00e9 tv\u00e1\u0159e pomoc\u00ed kamer b\u011b\u017enou prax\u00ed, dokonce \u00fadajn\u011b existuje datab\u00e1ze, eviduj\u00edc\u00ed v\u00edce ne\u017e 115 milion\u016f obyvatel t\u00e9to zem\u011b. Na ve\u0159ejnost pros\u00e1kly informace, \u017ee t\u00edmto zp\u016fsobem byly identifikov\u00e1ny osoby, kter\u00e9 organizovaly demonstraci Black Lives Matter. Kamery na leti\u0161ti, na n\u00e1dra\u017e\u00ed, v parku Kamerov\u00e9 syst\u00e9my jsou naprosto b\u011b\u017en\u00e9 na v\u0161ech leti\u0161t\u00edch pr\u016fmyslov\u011b vysp\u011bl\u00fdch zem\u00ed. V\u00fdjimkou nen\u00ed ani ruzy\u0148sk\u00e9 leti\u0161t\u011b a ned\u00e1 se \u0159\u00edci, \u017ee by instalovan\u00e9 kamery pasa\u017e\u00e9ry dok\u00e1zaly uchl\u00e1cholit, \u017ee jsou v bezpe\u010d\u00ed, a \u017ee jim nehroz\u00ed \u017e\u00e1dn\u00e9 nebezpe\u010d\u00ed. V\u0161ak mnoz\u00ed z n\u00e1s je\u0161t\u011b pamatuj\u00ed pra\u017esk\u00e9 leti\u0161t\u011b z p\u0159elomu 80. a 90. let, kdy nebylo tak rozs\u00e1hl\u00e9, kamery v t\u00e9 dob\u011b v are\u00e1lu leti\u0161t\u011b neexistovaly, a lid\u00e9 se tu c\u00edtili mnohem bezpe\u010dn\u011bji, ne\u017e dnes. Kamerov\u00e9 syst\u00e9my vz\u00e1jemn\u011b propojen\u00e9 s\u00ed\u0165ov\u00fdmi aplikacemi se montuj\u00ed i v n\u00e1dra\u017en\u00edch budov\u00e1ch a dokonce i v m\u011bstsk\u00fdch parc\u00edch. Mnoho lid\u00ed si na n\u011bco takov\u00e9ho zvykne a p\u0159ij\u00edm\u00e1 tato opat\u0159en\u00ed jako nezbytnou sou\u010d\u00e1st \u017eivota, a p\u0159itom si neuv\u011bdomuj\u00ed, \u017ee se ocitaj\u00ed v kleci. Na p\u00f3diu pod dohledem org\u00e1n\u016f st\u00e1tn\u00ed moci. Odvr\u00e1cenou stranou mince kamer je tak\u00e9 obrovsk\u00e9 riziko jejich zneu\u017eit\u00ed. Je to p\u0159ece jen technika a v\u017edy z\u00e1le\u017e\u00ed na tom, komu se dostane do rukou, a jak siln\u00e1 budou legislativn\u00ed opat\u0159en\u00ed. P\u0159itom pr\u00e1v\u011b d\u011br v legislativ\u011b a v re\u00e1ln\u00e9m sv\u011bt\u011b vyu\u017e\u00edvaj\u00ed r\u016fzn\u00e9 zlo\u010dineck\u00e9 \u017eivly a technika jim v tom m\u016f\u017ee efektivn\u011b vypom\u00e1hat.                                                                                                                                                                                                                                                                                                                                                                                        4.5\/5 - (6 votes)        "},{"@context":"https:\/\/schema.org\/","@type":"BreadcrumbList","itemListElement":[{"@type":"ListItem","position":1,"name":"Jak velk\u00e9 je riziko zneu\u017eit\u00ed kamer na ve\u0159ejn\u00fdch prostranstv\u00edch","item":"https:\/\/www.manafas.cz\/jak-velke-je-riziko-zneuziti-kamer-na-verejnych-prostranstvich\/#breadcrumbitem"}]}]