[{"@context":"https:\/\/schema.org\/","@type":"Blog","@id":"https:\/\/www.manafas.cz#Blog","headline":"Manafas","description":"\nOsud ekonomiky ka\u017ed\u00e9 zem\u011b z\u00e1vis\u00ed na tom, jak jej\u00ed obyvatelstvo pracuje a jak vl\u00e1da nastavuje \u201apravidla hry\u2018. A kdy\u017e se rozhl\u00e9dneme kolem sebe, jak na tom jsme?","url":"https:\/\/www.manafas.cz","hasPart":[{"@type":"Article","@id":"https:\/\/www.manafas.cz\/nestaci-vam-penize\/","headline":"Nesta\u010d\u00ed v\u00e1m pen\u00edze?","url":"https:\/\/www.manafas.cz\/nestaci-vam-penize\/","datePublished":"2020-08-14","dateModified":"2023-05-01","mainEntityOfPage":"https:\/\/www.manafas.cz\/nestaci-vam-penize\/","author":{"@type":"Person","@id":"https:\/\/www.manafas.cz\/author\/#Person","name":"","url":"https:\/\/www.manafas.cz\/author\/","identifier":1,"image":{"@type":"ImageObject","@id":"https:\/\/secure.gravatar.com\/avatar\/046c8368865b87ac6ea06cde0e0a80b91304a43fe31de210702ad59bbd9a1974?s=96&d=mm&r=g","url":"https:\/\/secure.gravatar.com\/avatar\/046c8368865b87ac6ea06cde0e0a80b91304a43fe31de210702ad59bbd9a1974?s=96&d=mm&r=g","height":96,"width":96}},"publisher":{"@type":"Organization","name":"manafas.cz","logo":{"@type":"ImageObject","@id":"\/logo.png","url":"\/logo.png","width":600,"height":60}},"image":{"@type":"ImageObject","@id":"https:\/\/www.manafas.cz\/wp-content\/uploads\/dolary%20a%20stopky.jpg","url":"https:\/\/www.manafas.cz\/wp-content\/uploads\/dolary%20a%20stopky.jpg","height":0,"width":0},"wordCount":782,"keywords":null},{"@type":"Article","@id":"https:\/\/www.manafas.cz\/varianta-pro-vsechny\/","headline":"Varianta pro v\u0161echny","url":"https:\/\/www.manafas.cz\/varianta-pro-vsechny\/","datePublished":"2019-11-11","dateModified":"2023-05-01","mainEntityOfPage":"https:\/\/www.manafas.cz\/varianta-pro-vsechny\/","author":{"@type":"Person","@id":"https:\/\/www.manafas.cz\/author\/#Person","name":"","url":"https:\/\/www.manafas.cz\/author\/","identifier":1,"image":{"@type":"ImageObject","@id":"https:\/\/secure.gravatar.com\/avatar\/046c8368865b87ac6ea06cde0e0a80b91304a43fe31de210702ad59bbd9a1974?s=96&d=mm&r=g","url":"https:\/\/secure.gravatar.com\/avatar\/046c8368865b87ac6ea06cde0e0a80b91304a43fe31de210702ad59bbd9a1974?s=96&d=mm&r=g","height":96,"width":96}},"publisher":{"@type":"Organization","name":"manafas.cz","logo":{"@type":"ImageObject","@id":"\/logo.png","url":"\/logo.png","width":600,"height":60}},"image":{"@type":"ImageObject","@id":"https:\/\/www.manafas.cz\/wp-content\/uploads\/img_a369436_w2116_t1581588086.jpg","url":"https:\/\/www.manafas.cz\/wp-content\/uploads\/img_a369436_w2116_t1581588086.jpg","height":0,"width":0},"wordCount":4490,"keywords":null},{"@type":"Article","@id":"https:\/\/www.manafas.cz\/weby-o-pocasi\/","headline":"Weby o po\u010das\u00ed","url":"https:\/\/www.manafas.cz\/weby-o-pocasi\/","datePublished":"2019-10-21","dateModified":"2023-05-01","mainEntityOfPage":"https:\/\/www.manafas.cz\/weby-o-pocasi\/","author":{"@type":"Person","@id":"https:\/\/www.manafas.cz\/author\/#Person","name":"","url":"https:\/\/www.manafas.cz\/author\/","identifier":1,"image":{"@type":"ImageObject","@id":"https:\/\/secure.gravatar.com\/avatar\/046c8368865b87ac6ea06cde0e0a80b91304a43fe31de210702ad59bbd9a1974?s=96&d=mm&r=g","url":"https:\/\/secure.gravatar.com\/avatar\/046c8368865b87ac6ea06cde0e0a80b91304a43fe31de210702ad59bbd9a1974?s=96&d=mm&r=g","height":96,"width":96}},"publisher":{"@type":"Organization","name":"manafas.cz","logo":{"@type":"ImageObject","@id":"\/logo.png","url":"\/logo.png","width":600,"height":60}},"image":{"@type":"ImageObject","@id":"https:\/\/www.manafas.cz\/wp-content\/uploads\/img_a356343_w3272_t1570955373.jpg","url":"https:\/\/www.manafas.cz\/wp-content\/uploads\/img_a356343_w3272_t1570955373.jpg","height":0,"width":0},"wordCount":4500,"keywords":null},{"@type":"Article","@id":"https:\/\/www.manafas.cz\/vodni-relaxace\/","headline":"Vodn\u00ed relaxace","url":"https:\/\/www.manafas.cz\/vodni-relaxace\/","datePublished":"2019-10-16","dateModified":"2023-05-01","mainEntityOfPage":"https:\/\/www.manafas.cz\/vodni-relaxace\/","author":{"@type":"Person","@id":"https:\/\/www.manafas.cz\/author\/#Person","name":"","url":"https:\/\/www.manafas.cz\/author\/","identifier":1,"image":{"@type":"ImageObject","@id":"https:\/\/secure.gravatar.com\/avatar\/046c8368865b87ac6ea06cde0e0a80b91304a43fe31de210702ad59bbd9a1974?s=96&d=mm&r=g","url":"https:\/\/secure.gravatar.com\/avatar\/046c8368865b87ac6ea06cde0e0a80b91304a43fe31de210702ad59bbd9a1974?s=96&d=mm&r=g","height":96,"width":96}},"publisher":{"@type":"Organization","name":"manafas.cz","logo":{"@type":"ImageObject","@id":"\/logo.png","url":"\/logo.png","width":600,"height":60}},"image":{"@type":"ImageObject","@id":"https:\/\/www.manafas.cz\/wp-content\/uploads\/img_a368179_w2315_t1580467597.jpg","url":"https:\/\/www.manafas.cz\/wp-content\/uploads\/img_a368179_w2315_t1580467597.jpg","height":0,"width":0},"wordCount":593,"keywords":null},{"@type":"Article","@id":"https:\/\/www.manafas.cz\/aby-byl-bazen-ku-prospechu\/","headline":"Aby byl baz\u00e9n ku prosp\u011bchu","url":"https:\/\/www.manafas.cz\/aby-byl-bazen-ku-prospechu\/","datePublished":"2019-09-16","dateModified":"2023-05-01","mainEntityOfPage":"https:\/\/www.manafas.cz\/aby-byl-bazen-ku-prospechu\/","author":{"@type":"Person","@id":"https:\/\/www.manafas.cz\/author\/#Person","name":"","url":"https:\/\/www.manafas.cz\/author\/","identifier":1,"image":{"@type":"ImageObject","@id":"https:\/\/secure.gravatar.com\/avatar\/046c8368865b87ac6ea06cde0e0a80b91304a43fe31de210702ad59bbd9a1974?s=96&d=mm&r=g","url":"https:\/\/secure.gravatar.com\/avatar\/046c8368865b87ac6ea06cde0e0a80b91304a43fe31de210702ad59bbd9a1974?s=96&d=mm&r=g","height":96,"width":96}},"publisher":{"@type":"Organization","name":"manafas.cz","logo":{"@type":"ImageObject","@id":"\/logo.png","url":"\/logo.png","width":600,"height":60}},"image":{"@type":"ImageObject","@id":"https:\/\/www.manafas.cz\/wp-content\/uploads\/img_a342994_w1741_t1556102577.jpg","url":"https:\/\/www.manafas.cz\/wp-content\/uploads\/img_a342994_w1741_t1556102577.jpg","height":0,"width":0},"wordCount":609,"keywords":null},{"@type":"Article","@id":"https:\/\/www.manafas.cz\/nebankovni-hypoteka-na-tisic-zpusobu\/","headline":"Nebankovn\u00ed hypot\u00e9ka na tis\u00edc zp\u016fsob\u016f","url":"https:\/\/www.manafas.cz\/nebankovni-hypoteka-na-tisic-zpusobu\/","datePublished":"2019-09-13","dateModified":"2023-05-01","mainEntityOfPage":"https:\/\/www.manafas.cz\/nebankovni-hypoteka-na-tisic-zpusobu\/","author":{"@type":"Person","@id":"https:\/\/www.manafas.cz\/author\/#Person","name":"","url":"https:\/\/www.manafas.cz\/author\/","identifier":1,"image":{"@type":"ImageObject","@id":"https:\/\/secure.gravatar.com\/avatar\/046c8368865b87ac6ea06cde0e0a80b91304a43fe31de210702ad59bbd9a1974?s=96&d=mm&r=g","url":"https:\/\/secure.gravatar.com\/avatar\/046c8368865b87ac6ea06cde0e0a80b91304a43fe31de210702ad59bbd9a1974?s=96&d=mm&r=g","height":96,"width":96}},"publisher":{"@type":"Organization","name":"manafas.cz","logo":{"@type":"ImageObject","@id":"\/logo.png","url":"\/logo.png","width":600,"height":60}},"image":{"@type":"ImageObject","@id":"https:\/\/www.manafas.cz\/wp-content\/uploads\/img_a343809_w3185_t1557207192.jpg","url":"https:\/\/www.manafas.cz\/wp-content\/uploads\/img_a343809_w3185_t1557207192.jpg","height":0,"width":0},"wordCount":552,"keywords":null},{"@type":"Article","@id":"https:\/\/www.manafas.cz\/tolice-vojteska-jako-doplnek-stravy\/","headline":"Tolice vojt\u011b\u0161ka jako dopln\u011bk stravy","url":"https:\/\/www.manafas.cz\/tolice-vojteska-jako-doplnek-stravy\/","datePublished":"2019-09-08","dateModified":"2023-05-01","mainEntityOfPage":"https:\/\/www.manafas.cz\/tolice-vojteska-jako-doplnek-stravy\/","author":{"@type":"Person","@id":"https:\/\/www.manafas.cz\/author\/#Person","name":"","url":"https:\/\/www.manafas.cz\/author\/","identifier":1,"image":{"@type":"ImageObject","@id":"https:\/\/secure.gravatar.com\/avatar\/046c8368865b87ac6ea06cde0e0a80b91304a43fe31de210702ad59bbd9a1974?s=96&d=mm&r=g","url":"https:\/\/secure.gravatar.com\/avatar\/046c8368865b87ac6ea06cde0e0a80b91304a43fe31de210702ad59bbd9a1974?s=96&d=mm&r=g","height":96,"width":96}},"publisher":{"@type":"Organization","name":"manafas.cz","logo":{"@type":"ImageObject","@id":"\/logo.png","url":"\/logo.png","width":600,"height":60}},"image":{"@type":"ImageObject","@id":"https:\/\/www.manafas.cz\/wp-content\/uploads\/img_a369929_w2327_t1581843636.jpg","url":"https:\/\/www.manafas.cz\/wp-content\/uploads\/img_a369929_w2327_t1581843636.jpg","height":0,"width":0},"wordCount":535,"keywords":null},{"@type":"Article","@id":"https:\/\/www.manafas.cz\/v-cem-spite-aneb-jaka-jste\/","headline":"V \u010dem sp\u00edte, aneb jak\u00e1 jste","url":"https:\/\/www.manafas.cz\/v-cem-spite-aneb-jaka-jste\/","datePublished":"2019-08-06","dateModified":"2023-05-01","mainEntityOfPage":"https:\/\/www.manafas.cz\/v-cem-spite-aneb-jaka-jste\/","author":{"@type":"Person","@id":"https:\/\/www.manafas.cz\/author\/#Person","name":"","url":"https:\/\/www.manafas.cz\/author\/","identifier":1,"image":{"@type":"ImageObject","@id":"https:\/\/secure.gravatar.com\/avatar\/046c8368865b87ac6ea06cde0e0a80b91304a43fe31de210702ad59bbd9a1974?s=96&d=mm&r=g","url":"https:\/\/secure.gravatar.com\/avatar\/046c8368865b87ac6ea06cde0e0a80b91304a43fe31de210702ad59bbd9a1974?s=96&d=mm&r=g","height":96,"width":96}},"publisher":{"@type":"Organization","name":"manafas.cz","logo":{"@type":"ImageObject","@id":"\/logo.png","url":"\/logo.png","width":600,"height":60}},"image":{"@type":"ImageObject","@id":"https:\/\/www.manafas.cz\/wp-content\/uploads\/img_a366109_w1720_t1578654485.jpg","url":"https:\/\/www.manafas.cz\/wp-content\/uploads\/img_a366109_w1720_t1578654485.jpg","height":0,"width":0},"wordCount":595,"keywords":null},{"@type":"Article","@id":"https:\/\/www.manafas.cz\/s-hrackami-si-deti-chteji-hrat-i-ven\/","headline":"S hra\u010dkami si d\u011bti cht\u011bj\u00ed hr\u00e1t i ven","url":"https:\/\/www.manafas.cz\/s-hrackami-si-deti-chteji-hrat-i-ven\/","datePublished":"2019-07-19","dateModified":"2023-05-01","mainEntityOfPage":"https:\/\/www.manafas.cz\/s-hrackami-si-deti-chteji-hrat-i-ven\/","author":{"@type":"Person","@id":"https:\/\/www.manafas.cz\/author\/#Person","name":"","url":"https:\/\/www.manafas.cz\/author\/","identifier":1,"image":{"@type":"ImageObject","@id":"https:\/\/secure.gravatar.com\/avatar\/046c8368865b87ac6ea06cde0e0a80b91304a43fe31de210702ad59bbd9a1974?s=96&d=mm&r=g","url":"https:\/\/secure.gravatar.com\/avatar\/046c8368865b87ac6ea06cde0e0a80b91304a43fe31de210702ad59bbd9a1974?s=96&d=mm&r=g","height":96,"width":96}},"publisher":{"@type":"Organization","name":"manafas.cz","logo":{"@type":"ImageObject","@id":"\/logo.png","url":"\/logo.png","width":600,"height":60}},"image":{"@type":"ImageObject","@id":"https:\/\/www.manafas.cz\/wp-content\/uploads\/img_a360849_w2018_t1574358833.jpg","url":"https:\/\/www.manafas.cz\/wp-content\/uploads\/img_a360849_w2018_t1574358833.jpg","height":0,"width":0},"wordCount":613,"keywords":null},{"@type":"Article","@id":"https:\/\/www.manafas.cz\/pozadejte-o-svou-idealni-hypoteku\/","headline":"Po\u017e\u00e1dejte o svou ide\u00e1ln\u00ed hypot\u00e9ku!","url":"https:\/\/www.manafas.cz\/pozadejte-o-svou-idealni-hypoteku\/","datePublished":"2019-07-12","dateModified":"2023-05-01","mainEntityOfPage":"https:\/\/www.manafas.cz\/pozadejte-o-svou-idealni-hypoteku\/","author":{"@type":"Person","@id":"https:\/\/www.manafas.cz\/author\/#Person","name":"","url":"https:\/\/www.manafas.cz\/author\/","identifier":1,"image":{"@type":"ImageObject","@id":"https:\/\/secure.gravatar.com\/avatar\/046c8368865b87ac6ea06cde0e0a80b91304a43fe31de210702ad59bbd9a1974?s=96&d=mm&r=g","url":"https:\/\/secure.gravatar.com\/avatar\/046c8368865b87ac6ea06cde0e0a80b91304a43fe31de210702ad59bbd9a1974?s=96&d=mm&r=g","height":96,"width":96}},"publisher":{"@type":"Organization","name":"manafas.cz","logo":{"@type":"ImageObject","@id":"\/logo.png","url":"\/logo.png","width":600,"height":60}},"image":{"@type":"ImageObject","@id":"https:\/\/www.manafas.cz\/wp-content\/uploads\/img_a354941_w1885_t1569401147.jpg","url":"https:\/\/www.manafas.cz\/wp-content\/uploads\/img_a354941_w1885_t1569401147.jpg","height":0,"width":0},"wordCount":545,"keywords":null}]},{"@context":"https:\/\/schema.org","@type":"WebSite","@id":"https:\/\/www.manafas.cz\/#website","name":"Manafas","url":"https:\/\/www.manafas.cz","potentialAction":{"@type":"SearchAction","target":"https:\/\/www.manafas.cz\/?s={search_term_string}","query-input":"required name=search_term_string"}}]