[{"@context":"https:\/\/schema.org\/","@type":"Article","@id":"https:\/\/www.manafas.cz\/po-kom-to-mas\/#Article","mainEntityOfPage":"https:\/\/www.manafas.cz\/po-kom-to-mas\/","headline":"Po kom to m\u00e1\u0161?","name":"Po kom to m\u00e1\u0161?","description":"\u0160patnou zpr\u00e1vou pro rodi\u010de s\u00a0n\u011bjakou formou dys je, \u017ee dispozice k\u00a0poruch\u00e1m u\u010den\u00ed bohu\u017eel d\u011bdi\u010dn\u00e9 jsou. Pokud jste vy sami v\u00e1l\u010dili s\u00a0p\u00edsankou, po\u010detnic\u00ed nebo se slabik\u00e1\u0159em, existuje riziko, \u017ee stejn\u00e1 bitva \u010dek\u00e1 i va\u0161eho potomka. Dobrou zpr\u00e1vou ale je, \u017ee doba se v\u00a0mnoh\u00e9m zm\u011bnila. P\u0159ed t\u0159iceti lety v\u011bd\u011blo o existenci dyslexie mo\u017en\u00e1 p\u00e1r odborn\u00edk\u016f, zat\u00edmco dnes u\u017e se diagnostikuje naprosto b\u011b\u017en\u011b. [&hellip;]","datePublished":"2025-02-28","dateModified":"2023-05-01","author":{"@type":"Person","@id":"https:\/\/www.manafas.cz\/author\/#Person","name":"","url":"https:\/\/www.manafas.cz\/author\/","identifier":1,"image":{"@type":"ImageObject","@id":"https:\/\/secure.gravatar.com\/avatar\/046c8368865b87ac6ea06cde0e0a80b91304a43fe31de210702ad59bbd9a1974?s=96&d=mm&r=g","url":"https:\/\/secure.gravatar.com\/avatar\/046c8368865b87ac6ea06cde0e0a80b91304a43fe31de210702ad59bbd9a1974?s=96&d=mm&r=g","height":96,"width":96}},"publisher":{"@type":"Organization","name":"manafas.cz","logo":{"@type":"ImageObject","@id":"\/logo.png","url":"\/logo.png","width":600,"height":60}},"image":{"@type":"ImageObject","@id":"https:\/\/www.manafas.cz\/wp-content\/uploads\/img_a314387_w2536_t1525246056.jpg","url":"https:\/\/www.manafas.cz\/wp-content\/uploads\/img_a314387_w2536_t1525246056.jpg","height":0,"width":0},"url":"https:\/\/www.manafas.cz\/po-kom-to-mas\/","wordCount":396,"articleBody":"\u0160patnou zpr\u00e1vou pro rodi\u010de s\u00a0n\u011bjakou formou dys je, \u017ee dispozice k\u00a0poruch\u00e1m u\u010den\u00ed bohu\u017eel d\u011bdi\u010dn\u00e9 jsou. Pokud jste vy sami v\u00e1l\u010dili s\u00a0p\u00edsankou, po\u010detnic\u00ed nebo se slabik\u00e1\u0159em, existuje riziko, \u017ee stejn\u00e1 bitva \u010dek\u00e1 i va\u0161eho potomka. Dobrou zpr\u00e1vou ale je, \u017ee doba se v\u00a0mnoh\u00e9m zm\u011bnila. P\u0159ed t\u0159iceti lety v\u011bd\u011blo o existenci dyslexie mo\u017en\u00e1 p\u00e1r odborn\u00edk\u016f, zat\u00edmco dnes u\u017e se diagnostikuje naprosto b\u011b\u017en\u011b. Stejn\u00e9 je to s\u00a0dysortografi\u00ed, tedy poruchou psan\u00ed, nebo dyskalkuli\u00ed, tedy poruchou po\u010d\u00edt\u00e1n\u00ed. Tam, kde v\u00e1s akor\u00e1t d\u0159eli z\u00a0k\u016f\u017ee a s\u00a0b\u00eddou jste to ut\u00e1hli na trojku, dnes va\u0161eho potomka po\u0161lou za psychologem.Nav\u00edc, hodn\u011b m\u016f\u017eete ovlivnit i vy sami. Pakli\u017ee vy, v\u00e1\u0161 partner, \u010di dokonce oba dva m\u00e1te svou zku\u0161enost s\u00a0poruchou u\u010den\u00ed, zam\u011b\u0159te se na aktivity, kter\u00e9 budou kl\u00ed\u010dov\u00e9 dovednosti rozv\u00edjet. Potenci\u00e1ln\u011b dyslektick\u00fdm d\u011btem \u010dt\u011bte, pov\u00eddejte si s\u00a0nimi, hrajte hry rozv\u00edjej\u00edc\u00ed slovn\u00ed z\u00e1sobu, jako jsou \u201ena co mysl\u00edm?\u201c nebo \u201ezem\u011b-m\u011bsto\u201c, u d\u011bt\u00ed s\u00a0rizikem dysgrafie zase rozv\u00edjejte jemnou motoriku a koordinaci oko-ruka kreslen\u00edm \u010di navl\u00e9k\u00e1n\u00edm kor\u00e1lk\u016f. S\u00a0dyskalkuliky se sp\u00ed\u0161e ne\u017e na matematick\u00fd dril zam\u011b\u0159te na rozvoj ch\u00e1p\u00e1n\u00ed pojm\u016f jako v\u011bt\u0161\u00ed, men\u0161\u00ed, plus, m\u00ednus.\u010cast\u00fdm dilematem je tak\u00e9, zda nechat d\u00edt\u011bti rok odklad \u010di ho nebo ji do \u0161koly poslat rovnou. Rozhodnut\u00ed z\u00e1le\u017e\u00ed na mnoha faktorech. Pokud je v\u00e1\u0161 potomek jinak inteligentn\u00ed, \u0161ikovn\u00fd a soci\u00e1ln\u011b schopn\u00fd, tak by m\u011bl b\u00fdt schopen \u0161koln\u00ed doch\u00e1zku zvl\u00e1dnout i se sv\u00fdm hendikepem. D\u016fle\u017eit\u00e9 je, aby bylo d\u00edt\u011b p\u0159ipraven\u00e9 na to, \u017ee na stejn\u00fd v\u00fdsledek se nad\u0159e v\u00edce, ne\u017e jeho vrstevn\u00edci. Pokrok je tady nejsp\u00ed\u0161e d\u016fle\u017eit\u011bj\u0161\u00ed ne\u017e to, aby d\u00edt\u011b bylo nejlep\u0161\u00ed. Naopak d\u00edt\u011bti, kter\u00e9 se je\u0161t\u011b s\u00a0poruchou s\u017e\u00edv\u00e1, je asi lep\u0161\u00ed nechat rok nav\u00edc. Odklad byl koneckonc\u016f zaveden\u00fd pr\u00e1v\u011b pro situace, jako je tato, a dvan\u00e1ct m\u011bs\u00edc\u016f nav\u00edc m\u016f\u017ee v\u00a0tomto p\u0159\u00edpad\u011b znamenat opravdu mnoho.                                                                                                                                                                                                                                                                                                                                                                                        4\/5 - (8 votes)        "},{"@context":"https:\/\/schema.org\/","@type":"BreadcrumbList","itemListElement":[{"@type":"ListItem","position":1,"name":"Po kom to m\u00e1\u0161?","item":"https:\/\/www.manafas.cz\/po-kom-to-mas\/#breadcrumbitem"}]}]