[{"@context":"https:\/\/schema.org\/","@type":"Article","@id":"https:\/\/www.manafas.cz\/rodinna-oslava-a-hory-nadobi-tomu-uz-je-konec\/#Article","mainEntityOfPage":"https:\/\/www.manafas.cz\/rodinna-oslava-a-hory-nadobi-tomu-uz-je-konec\/","headline":"Rodinn\u00e1 oslava a hory n\u00e1dob\u00ed? Tomu u\u017e je konec","name":"Rodinn\u00e1 oslava a hory n\u00e1dob\u00ed? Tomu u\u017e je konec","description":"A\u0165 u\u017e po\u0159\u00e1d\u00e1te rodinnou oslavu poprv\u00e9 nebo u\u017e pon\u011bkolik\u00e1t\u00e9, sami jist\u011b dob\u0159e v\u00edte, \u017ee to vy\u017eaduje pom\u011brn\u011b velk\u00e9 organiza\u010dn\u00ed schopnosti. Chce to nejen vymyslet vhodn\u00e9 ob\u010derstven\u00ed a n\u00e1poje na cel\u00fd den, zajistit z\u00e1bavu, ale tak\u00e9 obstarat dostatek n\u00e1dob\u00ed, aby sta\u010dilo pro v\u0161echny. Jen\u017ee kdo z n\u00e1s m\u00e1 doma tolik tal\u00ed\u0159\u016f a skleni\u010dek, aby se dostalo na v\u0161echny hosty, kter\u00fdm rozhodn\u011b [&hellip;]","datePublished":"2021-05-10","dateModified":"2023-09-01","author":{"@type":"Person","@id":"https:\/\/www.manafas.cz\/author\/#Person","name":"","url":"https:\/\/www.manafas.cz\/author\/","identifier":1,"image":{"@type":"ImageObject","@id":"https:\/\/secure.gravatar.com\/avatar\/046c8368865b87ac6ea06cde0e0a80b91304a43fe31de210702ad59bbd9a1974?s=96&d=mm&r=g","url":"https:\/\/secure.gravatar.com\/avatar\/046c8368865b87ac6ea06cde0e0a80b91304a43fe31de210702ad59bbd9a1974?s=96&d=mm&r=g","height":96,"width":96}},"publisher":{"@type":"Organization","name":"manafas.cz","logo":{"@type":"ImageObject","@id":"\/logo.png","url":"\/logo.png","width":600,"height":60}},"image":{"@type":"ImageObject","@id":"https:\/\/www.manafas.cz\/wp-content\/uploads\/54_bez-nazvu2_bkL9O7.png","url":"https:\/\/www.manafas.cz\/wp-content\/uploads\/54_bez-nazvu2_bkL9O7.png","height":0,"width":0},"url":"https:\/\/www.manafas.cz\/rodinna-oslava-a-hory-nadobi-tomu-uz-je-konec\/","about":["Nakupov\u00e1n\u00ed"],"wordCount":411,"articleBody":"      A\u0165 u\u017e po\u0159\u00e1d\u00e1te rodinnou oslavu poprv\u00e9 nebo u\u017e pon\u011bkolik\u00e1t\u00e9, sami jist\u011b dob\u0159e v\u00edte, \u017ee to vy\u017eaduje pom\u011brn\u011b velk\u00e9 organiza\u010dn\u00ed schopnosti. Chce to nejen vymyslet vhodn\u00e9 ob\u010derstven\u00ed a n\u00e1poje na cel\u00fd den, zajistit z\u00e1bavu, ale tak\u00e9 obstarat dostatek n\u00e1dob\u00ed, aby sta\u010dilo pro v\u0161echny. Jen\u017ee kdo z n\u00e1s m\u00e1 doma tolik tal\u00ed\u0159\u016f a skleni\u010dek, aby se dostalo na v\u0161echny hosty, kter\u00fdm rozhodn\u011b jeden kousek tal\u00ed\u0159e a p\u0159\u00edboru sta\u010dit nebude? \u0158e\u0161en\u00edm je jednor\u00e1zov\u00e9 n\u00e1dob\u00ed, kter\u00e9 je nav\u00edc i ekologick\u00e9.  Jedl\u00e9 n\u00e1dob\u00ed pro snadn\u011bj\u0161\u00ed \u00faklid po oslav\u011b \u00daklid po oslav\u011b v\u00e1m v mnoh\u00e9m usnadn\u00ed stylov\u00e9 jedl\u00e9 n\u00e1dob\u00ed, kter\u00e9 toti\u017e po skon\u010den\u00ed akce nemus\u00edte ukl\u00edzet, n\u00fdbr\u017e se jednodu\u0161e sn\u00ed. \u0158\u00edk\u00e1te si, jak je to mo\u017en\u00e9? Toto n\u00e1dob\u00ed je toti\u017e vyrobeno ze 100 % p\u0159\u00edrodn\u00edch surovin, konkr\u00e9tn\u011b z p\u0161eni\u010dn\u00e9 mouky a otrub, tak\u017ee si na n\u011bm m\u016f\u017ee ka\u017ed\u00fd z host\u016f pochutnat, a to i pokud je n\u011bkter\u00fd z nich vegan nebo vegetari\u00e1n. Kone\u010dn\u011b si va\u0161e my\u010dka ulev\u00ed od hor n\u00e1dob\u00ed a vy budete m\u00edt s \u00faklidem mnohem m\u00e9n\u011b starost\u00ed. Minimalizace dopad\u016f na \u017eivotn\u00ed prost\u0159ed\u00ed Na rozd\u00edl od nevzhledn\u00fdch plastov\u00fdch jednor\u00e1zov\u00fdch t\u00e1ck\u016f, kel\u00edmk\u016f a p\u0159\u00edbor\u016f ty jedl\u00e9 nezat\u011b\u017euj\u00ed p\u0159\u00edrodu, a je\u0161t\u011b i mnohem l\u00e9pe vypadaj\u00ed. D\u00edky tomu tak m\u016f\u017eete hrav\u011b minimalizovat dopady odpadk\u016f na \u017eivotn\u00ed prost\u0159ed\u00ed a tak\u00e9 sn\u00ed\u017e\u00edte tvorbu plast\u016f, co\u017e je v dne\u0161n\u00ed dob\u011b velmi \u017e\u00e1douc\u00ed. Jedl\u00e9 n\u00e1dob\u00ed se toti\u017e u\u017e po 30 dnech kompletn\u011b rozlo\u017e\u00ed na rozd\u00edl od sv\u00fdch plastov\u00fdch protivn\u00edk\u016f.  Kompletn\u00ed sortiment pro va\u0161\u00ed party Po\u0159i\u010fte si pro va\u0161i akci kompletn\u00ed sortiment jedl\u00e9ho n\u00e1dob\u00ed. M\u016f\u017eete tak vyu\u017e\u00edt nejen jedl\u00e9 tal\u00ed\u0159e a p\u0159\u00edbory, ale tak\u00e9 jedl\u00e9 kel\u00edmky i br\u010dka. Po\u0159\u00eddit si m\u016f\u017eete rovnou i cel\u00e9 sady, ve kter\u00fdch naleznete v\u0161echno pot\u0159ebn\u00e9 pro konzumaci j\u00eddla a n\u00e1poj\u016f. Po\u0159i\u010fte si na v\u00e1mi po\u0159\u00e1danou akci jedl\u00e9 n\u00e1dob\u00ed p\u0159\u00e1telsk\u00e9 k p\u0159\u00edrod\u011b. Va\u0161e party se tak m\u016f\u017ee n\u00e9st v ekologick\u00e9m duchu, co\u017e ocen\u00ed snad ka\u017ed\u00fd ze z\u00fa\u010dastn\u011bn\u00fdch.                                                                                                                                                                                                                                                                                                                                                                                          4.2\/5 - (18 votes)        "},{"@context":"https:\/\/schema.org\/","@type":"BreadcrumbList","itemListElement":[{"@type":"ListItem","position":1,"name":"Rodinn\u00e1 oslava a hory n\u00e1dob\u00ed? Tomu u\u017e je konec","item":"https:\/\/www.manafas.cz\/rodinna-oslava-a-hory-nadobi-tomu-uz-je-konec\/#breadcrumbitem"}]}]