{"@context":"https:\/\/schema.org\/","@type":"CollectionPage","@id":"https:\/\/www.manafas.cz\/zvirata\/#CollectionPage","headline":"Zv\u00ed\u0159ata Category","description":"","url":"https:\/\/www.manafas.cz\/zvirata\/","hasPart":[{"@type":"Article","@id":"https:\/\/www.manafas.cz\/tyrani-zvirat-a-jeho-dopady\/","headline":"T\u00fdr\u00e1n\u00ed zv\u00ed\u0159at a jeho dopady","url":"https:\/\/www.manafas.cz\/tyrani-zvirat-a-jeho-dopady\/","datePublished":"2023-02-08","dateModified":"2023-05-01","mainEntityOfPage":"https:\/\/www.manafas.cz\/tyrani-zvirat-a-jeho-dopady\/","author":{"@type":"Person","@id":"https:\/\/www.manafas.cz\/author\/#Person","name":"","url":"https:\/\/www.manafas.cz\/author\/","identifier":1,"image":{"@type":"ImageObject","@id":"https:\/\/secure.gravatar.com\/avatar\/046c8368865b87ac6ea06cde0e0a80b91304a43fe31de210702ad59bbd9a1974?s=96&d=mm&r=g","url":"https:\/\/secure.gravatar.com\/avatar\/046c8368865b87ac6ea06cde0e0a80b91304a43fe31de210702ad59bbd9a1974?s=96&d=mm&r=g","height":96,"width":96}},"publisher":{"@type":"Organization","name":"manafas.cz","logo":{"@type":"ImageObject","@id":"\/logo.png","url":"\/logo.png","width":600,"height":60}},"image":{"@type":"ImageObject","@id":"https:\/\/www.manafas.cz\/wp-content\/uploads\/horses-1414889_640.jpg","url":"https:\/\/www.manafas.cz\/wp-content\/uploads\/horses-1414889_640.jpg","height":0,"width":0},"keywords":null},{"@type":"Article","@id":"https:\/\/www.manafas.cz\/zvirata-ze-zoo-a-jejich-oblibenost-mezi-lidmi\/","headline":"Zv\u00ed\u0159ata ze ZOO a jejich obl\u00edbenost mezi lidmi","url":"https:\/\/www.manafas.cz\/zvirata-ze-zoo-a-jejich-oblibenost-mezi-lidmi\/","datePublished":"2022-07-21","dateModified":"2023-05-01","mainEntityOfPage":"https:\/\/www.manafas.cz\/zvirata-ze-zoo-a-jejich-oblibenost-mezi-lidmi\/","author":{"@type":"Person","@id":"https:\/\/www.manafas.cz\/author\/#Person","name":"","url":"https:\/\/www.manafas.cz\/author\/","identifier":1,"image":{"@type":"ImageObject","@id":"https:\/\/secure.gravatar.com\/avatar\/046c8368865b87ac6ea06cde0e0a80b91304a43fe31de210702ad59bbd9a1974?s=96&d=mm&r=g","url":"https:\/\/secure.gravatar.com\/avatar\/046c8368865b87ac6ea06cde0e0a80b91304a43fe31de210702ad59bbd9a1974?s=96&d=mm&r=g","height":96,"width":96}},"publisher":{"@type":"Organization","name":"manafas.cz","logo":{"@type":"ImageObject","@id":"\/logo.png","url":"\/logo.png","width":600,"height":60}},"image":{"@type":"ImageObject","@id":"https:\/\/www.manafas.cz\/wp-content\/uploads\/horse-561221_960_720.jpg","url":"https:\/\/www.manafas.cz\/wp-content\/uploads\/horse-561221_960_720.jpg","height":0,"width":0},"keywords":null},{"@type":"Article","@id":"https:\/\/www.manafas.cz\/kocici-pratele\/","headline":"Ko\u010di\u010d\u00ed p\u0159\u00e1tel\u00e9","url":"https:\/\/www.manafas.cz\/kocici-pratele\/","datePublished":"2021-11-12","dateModified":"2023-05-01","mainEntityOfPage":"https:\/\/www.manafas.cz\/kocici-pratele\/","author":{"@type":"Person","@id":"https:\/\/www.manafas.cz\/author\/#Person","name":"","url":"https:\/\/www.manafas.cz\/author\/","identifier":1,"image":{"@type":"ImageObject","@id":"https:\/\/secure.gravatar.com\/avatar\/046c8368865b87ac6ea06cde0e0a80b91304a43fe31de210702ad59bbd9a1974?s=96&d=mm&r=g","url":"https:\/\/secure.gravatar.com\/avatar\/046c8368865b87ac6ea06cde0e0a80b91304a43fe31de210702ad59bbd9a1974?s=96&d=mm&r=g","height":96,"width":96}},"publisher":{"@type":"Organization","name":"manafas.cz","logo":{"@type":"ImageObject","@id":"\/logo.png","url":"\/logo.png","width":600,"height":60}},"image":{"@type":"ImageObject","@id":"https:\/\/www.manafas.cz\/wp-content\/uploads\/cat-g49c071b59_640.jpg","url":"https:\/\/www.manafas.cz\/wp-content\/uploads\/cat-g49c071b59_640.jpg","height":0,"width":0},"keywords":null},{"@type":"Article","@id":"https:\/\/www.manafas.cz\/citite-se-sami-poridte-si-mazlicka\/","headline":"C\u00edt\u00edte se sami? Po\u0159i\u010fte si mazl\u00ed\u010dka.","url":"https:\/\/www.manafas.cz\/citite-se-sami-poridte-si-mazlicka\/","datePublished":"2021-09-07","dateModified":"2023-05-01","mainEntityOfPage":"https:\/\/www.manafas.cz\/citite-se-sami-poridte-si-mazlicka\/","author":{"@type":"Person","@id":"https:\/\/www.manafas.cz\/author\/#Person","name":"","url":"https:\/\/www.manafas.cz\/author\/","identifier":1,"image":{"@type":"ImageObject","@id":"https:\/\/secure.gravatar.com\/avatar\/046c8368865b87ac6ea06cde0e0a80b91304a43fe31de210702ad59bbd9a1974?s=96&d=mm&r=g","url":"https:\/\/secure.gravatar.com\/avatar\/046c8368865b87ac6ea06cde0e0a80b91304a43fe31de210702ad59bbd9a1974?s=96&d=mm&r=g","height":96,"width":96}},"publisher":{"@type":"Organization","name":"manafas.cz","logo":{"@type":"ImageObject","@id":"\/logo.png","url":"\/logo.png","width":600,"height":60}},"image":{"@type":"ImageObject","@id":"https:\/\/www.manafas.cz\/wp-content\/uploads\/friends-3042751_640.jpg","url":"https:\/\/www.manafas.cz\/wp-content\/uploads\/friends-3042751_640.jpg","height":0,"width":0},"keywords":null}]}